{"id":6117,"date":"2025-07-25T07:40:50","date_gmt":"2025-07-25T13:40:50","guid":{"rendered":"https:\/\/www.dreiym.com\/?p=6117"},"modified":"2025-07-27T09:29:20","modified_gmt":"2025-07-27T15:29:20","slug":"ev-sarj-i%cc%87stasyonlari-ti%cc%87cari%cc%87-elektri%cc%87k-tasarimina-nasil-entegre-edi%cc%87li%cc%87r","status":"publish","type":"post","link":"https:\/\/vm6fr4whzn6.c.updraftclone.com\/tr\/2025\/07\/25\/ev-sarj-i%cc%87stasyonlari-ti%cc%87cari%cc%87-elektri%cc%87k-tasarimina-nasil-entegre-edi%cc%87li%cc%87r\/","title":{"rendered":"Elektrikli Ara\u00e7 \u015earj \u0130stasyonlar\u0131 Ticari Elektrik Tasar\u0131m\u0131na Nas\u0131l Entegre Edilir?"},"content":{"rendered":"<p>Elektrikli ara\u00e7lar (EV'ler) g\u00fcn\u00fcm\u00fczde s\u0131radan bir olayd\u0131r. Bir i\u015f b\u00f6lgesinin yak\u0131n\u0131ndaki veya bir halk k\u00fct\u00fcphanesinin d\u0131\u015f\u0131ndaki yerel bir otopark\u0131 ziyaret etmek ve yerinde bir \u015farj sistemi bulmak yayg\u0131nd\u0131r. Eyalet ve federal te\u015fvikler ne kadar \u00e7ok benimsenirse, istikrarl\u0131 ve tutarl\u0131 \u015farj kaynaklar\u0131na olan talep de o kadar y\u00fcksek olur.<\/p>\n\n\n\n<p>Ara\u00e7lara g\u00fc\u00e7 sa\u011flama \u015feklindeki de\u011fi\u015fimle birlikte \u00e7al\u0131\u015fmak, biraz \u00f6ng\u00f6r\u00fc ve tasar\u0131m uzmanl\u0131\u011f\u0131 gerektirir. Uzun vadeli sonu\u00e7lar\u0131 d\u00fc\u015f\u00fcnmeden sadece finansal kazan\u00e7 i\u00e7in yeni bir EV istasyonu kurmak istemezsiniz. Mevcut bir binan\u0131n g\u00fc\u00e7lendirilmesi <a href='https:\/\/vm6fr4whzn6.c.updraftclone.com\/tr\/2025\/02\/17\/dusuk-guc-kali%cc%87tesi%cc%87nden-kaynaklanan-gi%cc%87zli%cc%87-masraflar-elektri%cc%87k-yuku-anali%cc%87zi%cc%87-i%cc%87le-geri%cc%87li%cc%87m-dususleri%cc%87ni%cc%87-ve-dalgalanmalarini-onleme\/'>elektrik altyap\u0131s\u0131 pahal\u0131 olabilir,<\/a> ve artan talebi kar\u015f\u0131lamak i\u00e7in \u00f6l\u00e7eklendirme yaparken a\u015f\u0131r\u0131 g\u00fc\u00e7 y\u00fcklenmesi meydana gelirse ciddi hasar riskiyle kar\u015f\u0131 kar\u015f\u0131ya kal\u0131rs\u0131n\u0131z. EV odakl\u0131 gelecek i\u00e7in en iyi se\u00e7ene\u011finiz do\u011fru planlamad\u0131r.<\/p>\n\n\n\n<h2 class=\"wp-block-heading\">Elektrikli Ara\u00e7 \u015earj\u0131 Neden Art\u0131k \u0130ste\u011fe Ba\u011fl\u0131 De\u011fil?<\/h2>\n\n\n\n<p>Kabaca <a href=\"https:\/\/usafacts.org\/articles\/how-many-electric-cars-in-united-states\/\" target=\"_blank\" rel=\"noreferrer noopener\">1,4 milyon elektrikli ara\u00e7<\/a> 2021'de ABD'de 2020'ye k\u0131yasla 88%'lik bir art\u0131\u015fla sat\u0131ld\u0131. O zamandan bu yana, daha yeni, uygun maliyetli markalar\u0131n h\u0131zla yayg\u0131nla\u015fmas\u0131 ve mevzuattaki de\u011fi\u015fiklikler sat\u0131\u015flar\u0131 h\u0131zla art\u0131rd\u0131.<\/p>\n\n\n\n<p>Baz\u0131 eyaletlerde, \u015farj i\u00e7in EV \u00f6zellikli cihazlara sahip yeni ticari alanlar ve \u00e7ok birimli evler in\u015fa etmek asl\u0131nda gereklidir. ABD'de Denver, Seattle ve Austin gibi birka\u00e7 \u015fehir, elektrikli ara\u00e7 \u015farj deste\u011fine sahip park yerlerinin belirli bir minimum y\u00fczdesini zorunlu k\u0131lmaktad\u0131r.<\/p>\n\n\n\n<p>\u00c7evresel hususlar\u0131n d\u0131\u015f\u0131nda bile, yeni elektrikli ara\u00e7 \u015farj cihazlar\u0131 ve trafo merkezleri kurmak i\u00e7in ticari bir te\u015fvik vard\u0131r. S\u00fcrd\u00fcr\u00fclebilirli\u011fe \u00f6ncelik veren daha fazla kirac\u0131 ve al\u0131c\u0131 \u00e7ekebilir, m\u00fclk\u00fcn\u00fcz\u00fcn de\u011ferini art\u0131rabilir ve indirimlere, vergi kredilerine ve kamu hizmeti taraf\u0131ndan finanse edilen programlara eri\u015febilirsiniz.<\/p>\n\n\n\n<h2 class=\"wp-block-heading\">Seviyeli Elektrikli Ara\u00e7 \u015earj Temelleri<\/h2>\n\n\n\n<p>\"EV bandwagonuna\" atlamadan \u00f6nce, farkl\u0131 \u015farj seviyeleri hakk\u0131nda baz\u0131 temel bilgilere ihtiyac\u0131n\u0131z olacakt\u0131r.<\/p>\n\n\n\n<h3 class=\"wp-block-heading\">Seviye 1 \u015earj (120V)<\/h3>\n\n\n\n<p>Bu \u015farj cihazlar\u0131 genellikle evlerde kullan\u0131l\u0131r ve bir arac\u0131n daha uzun bir s\u00fcre boyunca tamamen \u015farj olmas\u0131na yard\u0131mc\u0131 olur. 120V duvar prizine tak\u0131lan ta\u015f\u0131nabilir bir \u015farj cihaz\u0131 vard\u0131r, bu da onu inan\u0131lmaz derecede eri\u015filebilir k\u0131lar, ancak \u00e7ok verimli de\u011fildir. Bu seviyelerin gece \u015farj\u0131 i\u00e7in veya saha i\u00e7i ara\u00e7lar, ki\u015fisel elektrikli ara\u00e7lar ve daha k\u00fc\u00e7\u00fck ara\u00e7lar (\u00f6rne\u011fin golf arabalar\u0131) gibi d\u00fc\u015f\u00fck filolu uygulamalarda kullan\u0131lmas\u0131n\u0131 bekleyebilirsiniz.<\/p>\n\n\n\n<p>Bu birinci seviye \u015farj cihazlar\u0131n\u0131n kullan\u0131m\u0131 kolay olsa da, yine de \u00f6zel hususlara dikkat edilmesi gerekir. T\u00fcm evlerin altyap\u0131s\u0131 g\u00fcncel de\u011fildir. En temel \u015farj cihaz\u0131 bile 12 ila 16 amper \u00e7ekece\u011finden, ticari binalar\u0131n y\u00fckseltilmesi gerekebilir.<\/p>\n\n\n\n<h3 class=\"wp-block-heading\">Seviye 2 \u015earj (240V)<\/h3>\n\n\n\n<p>\u00d6ncelikle ticari ve kamusal alanlar i\u00e7in tasarlanan bu ara\u00e7tan saatte yakla\u015f\u0131k 10 ila 30 mil \u015farj menzili bekleyebilirsiniz. \u015earj h\u0131z\u0131, g\u00fcn\u00fcm\u00fcz\u00fcn modern modellerine k\u0131yasla erken benimsenen EV'lerden \u00e7ok daha h\u0131zl\u0131 oldu\u011fundan, \u00f6zel bir devrede 240V'luk bir prize sahip olman\u0131z gerekir.<\/p>\n\n\n\n<p>Baz\u0131 Seviye 2 istasyonlar, a\u011fa ba\u011fl\u0131, \u00f6l\u00e7\u00fcl\u00fc ve yaz\u0131l\u0131m kontroll\u00fc kullan\u0131m takibi veya maliyet payla\u015f\u0131m\u0131 kullanarak \u00f6l\u00e7eklenebilir geni\u015fleme ve esnek da\u011f\u0131t\u0131m i\u00e7erecektir. Bu, \u015fu anda benimsenen en pop\u00fcler seviyeyi olu\u015fturan \u015feydir.<\/p>\n\n\n\n<h3 class=\"wp-block-heading\">Seviye 3 H\u0131zl\u0131 \u015earj (480V+)<\/h3>\n\n\n\n<p>Bazen \"turbo \u015farj\" olarak da adland\u0131r\u0131lan bu EV istasyonlar\u0131, her 20 dakikal\u0131k \u015farj i\u00e7in 60-100 milden fazla s\u00fcr\u00fclebilir menzil sunar. Y\u00fcksek trafik talebi nedeniyle \u00fc\u00e7 fazl\u0131 g\u00fc\u00e7 ve b\u00fcy\u00fck kapasiteli transformat\u00f6rler gerektirir.<\/p>\n\n\n\n<p>End\u00fcstriyel d\u00fczeyde altyap\u0131 olmadan Seviye 3 (DC H\u0131zl\u0131 \u015earj Cihazlar\u0131) kuramazs\u0131n\u0131z. Bu nedenle bu istasyonlar\u0131 \u00f6ncelikle dinlenme tesislerinin, akaryak\u0131t istasyonlar\u0131n\u0131n, marketlerin veya transit depolar\u0131n yak\u0131n\u0131nda bulabilirsiniz. Ayr\u0131ca, her modern elektrikli ara\u00e7 DC h\u0131zl\u0131 \u015farj\u0131 desteklemeyecektir. Bu da y\u00fcksek kurulum maliyetlerinin her zaman potansiyel faydalara e\u015fit olmad\u0131\u011f\u0131 anlam\u0131na gelir.<\/p>\n\n\n\n<h2 class=\"wp-block-heading\">Elektrik Tasar\u0131m Dan\u0131\u015fmanlar\u0131 ile Elektrikli Ara\u00e7 \u015earj Entegrasyonunun Planlanmas\u0131<\/h2>\n\n\n\n<p>Herhangi bir elektrikli ara\u00e7 altyap\u0131s\u0131n\u0131 ticari alan\u0131n\u0131za entegre etmenin kapsaml\u0131 olmas\u0131n\u0131 ve \u00f6ng\u00f6r\u00fcyle in\u015fa edilmesini sa\u011flaman\u0131n en iyi yolu <a href='https:\/\/vm6fr4whzn6.c.updraftclone.com\/tr\/2024\/04\/02\/adli-elektrik-mufettislerini-ise-almak-icin-7-pratik-neden\/'>elektrik i\u00e7in bir elektrik m\u00fchendisli\u011fi dan\u0131\u015fman\u0131 kiralay\u0131n<\/a> Tasar\u0131m. Do\u011fru yerle\u015ftirme ve y\u00f6netmeliklere uygunluk konusunda ne kadar erken tavsiye alabilirseniz, k\u0131sa ve uzun vadeli maliyetler de o kadar d\u00fc\u015f\u00fck olur. Do\u011fru uzman ekip, ihtiyac\u0131n\u0131z olan bilgileri size sunacakt\u0131r:<\/p>\n\n\n\n<ul class=\"wp-block-list\">\n<li><strong>Saha De\u011ferlendirmesi ve Y\u00fck Kapasitesi:<\/strong> Planl\u0131 hizmetin EV taleplerini (en yo\u011fun sezonda bile) kar\u015f\u0131lamas\u0131n\u0131 sa\u011flamak ve sistemlerinizi \"gelece\u011fe haz\u0131rlar\", b\u00f6ylece hizmet sa\u011flay\u0131c\u0131 \u00f6n\u00fcm\u00fczdeki be\u015f ila on y\u0131l i\u00e7inde ara\u00e7 ihtiya\u00e7lar\u0131n\u0131 kar\u015f\u0131layabilir.<\/li>\n\n\n\n<li><strong>Stratejik \u015earj Cihaz\u0131 Yerle\u015fimi:<\/strong> Elektrikli ara\u00e7 \u015farj cihazlar\u0131n\u0131z\u0131n ADA uyumlu olmas\u0131, uygun planlamaya yak\u0131nl\u0131k sa\u011flamas\u0131, yang\u0131n \u015feritlerini engellememesi, s\u00fcr\u00fc\u015f g\u00f6r\u00fcn\u00fcrl\u00fc\u011f\u00fcne ve ayd\u0131nlatmaya izin vermesi ve hava ko\u015fullar\u0131na maruz kalmay\u0131 telafi etmesi i\u00e7in konumlar\u0131 hakk\u0131nda tavsiyelerde bulunmak.<\/li>\n\n\n\n<li><strong>Y\u00fck Y\u00f6netimi ve Ak\u0131ll\u0131 \u015earj Entegrasyonu:<\/strong> Y\u00fck dengeleme cihazlar\u0131\/mobil kontroller, elektri\u011fin daha ucuz oldu\u011fu zamanlarda \u015farj imkan\u0131 sunmak i\u00e7in kullan\u0131m zaman\u0131 programlamas\u0131 ve g\u00fcne\u015f enerjisi dizileri ve bina otomasyonu gibi yenilenebilir kaynaklarla entegre olan Enerji Y\u00f6netim Sistemleri (EMS) gibi modern uzant\u0131lar\u0131n kullan\u0131lmas\u0131.<\/li>\n<\/ul>\n\n\n\n<p>Elektrikli ara\u00e7 \u015farj istasyonlar\u0131yla ilgili elektrik tasar\u0131m\u0131n\u0131n en kritik fakt\u00f6r\u00fc g\u00fcvenliktir. \u0130zin ve kod uyumlulu\u011fu g\u00fcvencesi sunan bir ekiple \u00e7al\u0131\u015fmak istersiniz. Uygun \u015farj i\u015flemini do\u011frulamak i\u00e7in NEC maddeleri s\u00fcrekli olarak g\u00fcncellenmektedir.<\/p>\n\n\n\n<p>Bu g\u00fcvenlik \u00f6nlemleri ayr\u0131ca a\u015fa\u011f\u0131dakiler de dahil olmak \u00fczere temel korumalar sa\u011flar <a href='https:\/\/vm6fr4whzn6.c.updraftclone.com\/tr\/2025\/01\/22\/topraklama-hatasi-i%cc%87le-kisa-devre-arasindaki%cc%87-farklar\/'>topraklama hatas\u0131<\/a> kurulum, ak\u0131m b\u00fcy\u00fckl\u00fc\u011f\u00fc, etiketleme, acil durum kapatmalar\u0131 ve elektrikli ara\u00e7 \u015farj cihazlar\u0131n\u0131z\u0131n yedek jenerat\u00f6rler veya solar PV gibi di\u011fer sistemlerle ara ba\u011flant\u0131s\u0131. Herhangi bir yeni teknoloji, h\u0131zla benimsense bile, Dreiym M\u00fchendislik'teki gibi uygun \u015fekilde e\u011fitilmi\u015f uzmanlar\u0131n bak\u0131m\u0131n\u0131 ve y\u00f6netimini gerektirir.<\/p>\n\n\n\n<h2 class=\"wp-block-heading\">Yayg\u0131n Elektrikli Ara\u00e7 \u015earj \u0130stasyonu Tuzaklar\u0131 ve Bunlardan Nas\u0131l Ka\u00e7\u0131n\u0131laca\u011f\u0131<\/h2>\n\n\n\n<p>Zengin ticari alanlar sunmaya odaklanan en iyi niyetli geli\u015ftiriciler bile elektrikli ara\u00e7 \u015farj istasyonu planlamas\u0131nda zorluklarla kar\u015f\u0131la\u015fmaktad\u0131r. Uygun haz\u0131rl\u0131k ve kurulum deneyimi olmadan bir\u00e7ok hata meydana gelebilir.<\/p>\n\n\n\n<p>\u0130stiyorsun <a href='https:\/\/vm6fr4whzn6.c.updraftclone.com\/tr\/2025\/02\/17\/dusuk-guc-kali%cc%87tesi%cc%87nden-kaynaklanan-gi%cc%87zli%cc%87-masraflar-elektri%cc%87k-yuku-anali%cc%87zi%cc%87-i%cc%87le-geri%cc%87li%cc%87m-dususleri%cc%87ni%cc%87-ve-dalgalanmalarini-onleme\/'>uygun y\u00fck\u00fc sa\u011flamak i\u00e7in elektrik m\u00fchendisleri<\/a> Elektrik hizmetlerinin hi\u00e7birinin yetersiz boyutta olmamas\u0131 i\u00e7in \u00f6ng\u00f6r\u00fc. Bu, maliyetli bir transformat\u00f6r veya panel y\u00fckseltmesi gerektirebilir, ancak ihtiya\u00e7 duyman\u0131z halinde gelecekte geni\u015flemenin m\u00fcmk\u00fcn olmas\u0131n\u0131 sa\u011flayacakt\u0131r.<\/p>\n\n\n\n<p>K\u00f6t\u00fc yerle\u015fim d\u00fczeni de bir zorluktur. Uzun kanal ge\u00e7i\u015fleri veya engelleyici ara\u00e7 hareketleri nedeniyle panellere eri\u015fim zorlu\u011fu, operasyonlar\u0131n\u0131z\u0131 gereksiz yere zorla\u015ft\u0131r\u0131r. \u00c7al\u0131\u015fma sorunlar\u0131n\u0131 azaltmak ve \u015farj cihaz\u0131n\u0131n \u00e7al\u0131\u015fma s\u00fcresini en \u00fcst d\u00fczeye \u00e7\u0131karmak i\u00e7in profesyonel elektrik tasar\u0131m\u0131 istersiniz.<\/p>\n\n\n\n<p>Elektrikli ara\u00e7 \u015farj sistemleri tasarlan\u0131rken \u00f6l\u00e7eklenebilirlik g\u00f6z \u00f6n\u00fcnde bulundurulmal\u0131d\u0131r. Talep sadece art\u0131yor ve bo\u015f kanallar\u0131 veya b\u00fcy\u00fck boyutlu te\u00e7hizat\u0131 \u00f6nceden kurmak istiyorsunuz, b\u00f6ylece y\u00fckseltmeniz veya geni\u015fletmeniz gerekti\u011finde, bu kadar maliyetli olmaz.<\/p>\n\n\n\n<p>EV \u015farj istasyonu kurulumu bir balon i\u00e7inde \u00e7al\u0131\u015fmaz. Bir elektrik tasar\u0131m ekibiyle \u00e7al\u0131\u015f\u0131rken, kanal a\u00e7ma, izin alma ve kamu hizmeti ara ba\u011flant\u0131 \u00fccretlerini sorun. Bu eklemeleri g\u00f6zden ka\u00e7\u0131r\u0131rsan\u0131z, kurulum maliyetlerinizi h\u0131zla ikiye katlayabilir veya zamanlama ve i\u015f\u00e7i mevcudiyeti sorunlar\u0131 nedeniyle \u00fcretimi yava\u015flatabilirsiniz.<\/p>\n\n\n\n<p>EV altyap\u0131s\u0131, elektrik plan\u0131ndan daha fazlas\u0131n\u0131 hesaba katmal\u0131d\u0131r. Deneyimli tasar\u0131m dan\u0131\u015fmanlar\u0131, f\u0131rt\u0131na hasar\u0131 veya yap\u0131sal unsurlardan kaynaklanan \u00e7at\u0131\u015fmalar\u0131 en aza indirmek i\u00e7in mimarlar, in\u015faat m\u00fchendisleri ve peyzaj planlamac\u0131lar\u0131 ile koordinasyon sa\u011flayacakt\u0131r.<\/p>\n\n\n\n<p>Ancak, t\u00fcm bu hususlar do\u011fru ve \u00f6nceden yap\u0131ld\u0131\u011f\u0131nda, harika sonu\u00e7lar elde edersiniz <a href='https:\/\/vm6fr4whzn6.c.updraftclone.com\/tr\/2022\/12\/21\/ti%cc%87cari%cc%87-bi%cc%87naniza-zemi%cc%87n-testi%cc%87-yaptirmanin-faydalari\/'>ticari faaliyetleriniz i\u00e7in faydalar<\/a> alan. Elektrikli ara\u00e7 \u015farj\u0131 bunu yapabilmenizi sa\u011flar:<\/p>\n\n\n\n<ul class=\"wp-block-list\">\n<li>Daha fazla m\u00fc\u015fteri, m\u00fc\u015fteri ve kirac\u0131 \u00e7ekmek, \u00f6zellikle de <a href=\"https:\/\/www.vts.com\/blog\/the-3-office-buildings-classes-what-do-they-really-mean\" target=\"_blank\" rel=\"noreferrer noopener\">A S\u0131n\u0131f\u0131<\/a> Ofis alan\u0131.<\/li>\n\n\n\n<li>\u00c7evresel performans \u00f6l\u00e7\u00fcmlerini iyile\u015ftirin ve <a href=\"https:\/\/www.usgbc.org\/leed\" target=\"_blank\" rel=\"noreferrer noopener\">LEED sertifikas\u0131<\/a>.<\/li>\n\n\n\n<li>Karbon ayak izini azalt\u0131n ve yerel, eyalet ve federal s\u00fcrd\u00fcr\u00fclebilirlik giri\u015fimlerini destekleyin.<\/li>\n\n\n\n<li>Birden fazla finansal te\u015fvik katman\u0131na do\u011frudan eri\u015fim, \u00f6n ve operasyonel maliyetleri azalt\u0131r.<\/li>\n\n\n\n<li>\u015earj altyap\u0131s\u0131 b\u00fcy\u00fcd\u00fck\u00e7e elektrikli ara\u00e7lar\u0131n gelece\u011fi i\u00e7in ticari bir alan\u0131n gelece\u011fe haz\u0131rlanmas\u0131.<\/li>\n<\/ul>\n\n\n\n<p>Ama\u00e7, uzun vadeli tasarruf ve tasar\u0131m esnekli\u011fini riske atmadan geli\u015ftirmektir <a href='https:\/\/vm6fr4whzn6.c.updraftclone.com\/tr\/2025\/07\/25\/tarim-tesi%cc%87si%cc%87ni%cc%87zi%cc%87-elektri%cc%87k-yanginlarina-ve-hasara-karsi-guvende-tutmak\/'>elektrik yang\u0131n\u0131 veya hasar\u0131<\/a> elektrik altyap\u0131s\u0131na. Bu, performans ve g\u00fcvenlik aras\u0131nda yaln\u0131zca deneyimli bir elektrik tasar\u0131m uzman\u0131n\u0131n sunabilece\u011fi hassas bir dengeleme eylemidir.<\/p>\n\n\n\n<h2 class=\"wp-block-heading\">Son D\u00fc\u015f\u00fcnceler<\/h2>\n\n\n\n<p>Elektrikli ara\u00e7 cinini \u015fi\u015feye geri koymak m\u00fcmk\u00fcn de\u011fil. T\u00fcketiciler elektrikli ara\u00e7lara ak\u0131n ediyor ve altyap\u0131 bu talebi ne kadar desteklerse, bu t\u00fcr olanaklara sahip olmak i\u00e7in ticari alanlara o kadar fazla ihtiya\u00e7 duyacaks\u0131n\u0131z.<\/p>\n\n\n\n<p>Elektrikli ara\u00e7 sistemleri konusunda uzmanla\u015fm\u0131\u015f bir\u00e7ok tasar\u0131m dan\u0131\u015fman\u0131 vard\u0131r, ancak b\u00fct\u00fcnsel altyap\u0131 konusunda kapsaml\u0131 deneyime sahip elektrik adli t\u0131p m\u00fchendislerini i\u015fe almay\u0131 d\u00fc\u015f\u00fcnmek \u00e7ok \u00f6nemlidir. Erken a\u015famalarda g\u00f6zden ka\u00e7an k\u00fc\u00e7\u00fck bir \u00f6\u011fe, ileride ciddi risklere yol a\u00e7acakt\u0131r.<\/p>\n\n\n\n<p>Dreiym M\u00fchendislik, t\u00fcm elektrik sistemlerini gelece\u011fe haz\u0131rlamak i\u00e7in m\u00fclk sahipleri ve geli\u015ftiricilerle birlikte \u00e7al\u0131\u015f\u0131r. End\u00fcstriyel ortamlardan ticari m\u00fclklere ve \u00e7ok birimli konutlara kadar deneyimli ve uzman elektrik tasar\u0131m\u0131 sunuyoruz.<\/p>\n\n\n\n<p>30 y\u0131l\u0131 a\u015fk\u0131n s\u00fcredir, m\u00fc\u015fterilerimizin \u015funlar\u0131 \u00f6nlemesine yard\u0131mc\u0131 olduk <a href='https:\/\/vm6fr4whzn6.c.updraftclone.com\/tr\/2025\/07\/25\/tarim-tesi%cc%87si%cc%87ni%cc%87zi%cc%87-elektri%cc%87k-yanginlarina-ve-hasara-karsi-guvende-tutmak\/'>elektrik yang\u0131nlar\u0131 ve arkla ilgili olaylar g\u00fcvenli<\/a>y\u00fck dengeleme ve daha fazlas\u0131n\u0131 hesaba katan proaktif tasar\u0131mlar. <a href=\"https:\/\/vm6fr4whzn6.c.updraftclone.com\/tr\/iletisim\/\" target=\"_blank\" rel=\"noreferrer noopener\">Bug\u00fcn bizi aray\u0131n<\/a>ve ticari alan\u0131n\u0131z\u0131 gelece\u011fe haz\u0131rlayal\u0131m.<\/p>","protected":false},"excerpt":{"rendered":"<p>Electric vehicles (EVs) are a regular occurrence today. It is common to visit a local parking lot near a business district or outside a public library and find a charging system in place. The more state and federal incentives drive adoption, the higher the demand for stable and consistent charging resources. Working with the shift [&hellip;]<\/p>\n","protected":false},"author":8,"featured_media":6118,"comment_status":"closed","ping_status":"open","sticky":false,"template":"","format":"standard","meta":{"_acf_changed":false,"_mbp_gutenberg_autopost":false,"_pgmb_is_evergreen":true,"_pgmb_ap_template_id":0,"iawp_total_views":47,"footnotes":""},"categories":[7],"tags":[],"class_list":["post-6117","post","type-post","status-publish","format-standard","has-post-thumbnail","hentry","category-engineering"],"acf":[],"aioseo_notices":[],"aioseo_head":"\n\t\t<!-- All in One SEO Pro 4.9.6.2 - aioseo.com -->\n\t<meta name=\"description\" content=\"Electric vehicles (EVs) are a regular occurrence today. It is common to visit a local parking lot near a business district or outside a public library and find\" \/>\n\t<meta name=\"robots\" content=\"noindex, nofollow, max-image-preview:large\" \/>\n\t<meta name=\"author\" content=\"Angela Jones\"\/>\n\t<link rel=\"canonical\" href=\"https:\/\/vm6fr4whzn6.c.updraftclone.com\/tr\/2025\/07\/25\/ev-sarj-i%cc%87stasyonlari-ti%cc%87cari%cc%87-elektri%cc%87k-tasarimina-nasil-entegre-edi%cc%87li%cc%87r\/\" \/>\n\t<meta name=\"generator\" content=\"All in One SEO Pro (AIOSEO) 4.9.6.2\" \/>\n\t\t<meta property=\"og:locale\" content=\"tr_TR\" \/>\n\t\t<meta property=\"og:site_name\" content=\"Dreiym Engineering PLLC \u00bb Electrical and Corrosion Experts\" \/>\n\t\t<meta property=\"og:type\" content=\"article\" \/>\n\t\t<meta property=\"og:title\" content=\"How to Integrate EV Charging Stations into Commercial Electr\" \/>\n\t\t<meta property=\"og:description\" content=\"Electric vehicles (EVs) are a regular occurrence today. It is common to visit a local parking lot near a business district or outside a public library and find\" \/>\n\t\t<meta property=\"og:url\" content=\"https:\/\/vm6fr4whzn6.c.updraftclone.com\/tr\/2025\/07\/25\/ev-sarj-i%cc%87stasyonlari-ti%cc%87cari%cc%87-elektri%cc%87k-tasarimina-nasil-entegre-edi%cc%87li%cc%87r\/\" \/>\n\t\t<meta property=\"og:image\" content=\"https:\/\/vm6fr4whzn6.c.updraftclone.com\/wp-content\/uploads\/2025\/07\/EV-Charger.jpg\" \/>\n\t\t<meta property=\"og:image:secure_url\" content=\"https:\/\/vm6fr4whzn6.c.updraftclone.com\/wp-content\/uploads\/2025\/07\/EV-Charger.jpg\" \/>\n\t\t<meta property=\"og:image:width\" content=\"5184\" \/>\n\t\t<meta property=\"og:image:height\" content=\"3888\" \/>\n\t\t<meta property=\"article:published_time\" content=\"2025-07-25T13:40:50+00:00\" \/>\n\t\t<meta property=\"article:modified_time\" content=\"2025-07-27T15:29:20+00:00\" \/>\n\t\t<script type=\"application\/ld+json\" class=\"aioseo-schema\">\n\t\t\t{\"@context\":\"https:\\\/\\\/schema.org\",\"@graph\":[{\"@type\":\"Article\",\"@id\":\"https:\\\/\\\/vm6fr4whzn6.c.updraftclone.com\\\/tr\\\/2025\\\/07\\\/25\\\/ev-sarj-i%cc%87stasyonlari-ti%cc%87cari%cc%87-elektri%cc%87k-tasarimina-nasil-entegre-edi%cc%87li%cc%87r\\\/#article\",\"name\":\"How to Integrate EV Charging Stations into Commercial Electr\",\"headline\":\"How to Integrate EV Charging Stations into Commercial Electrical Design\",\"author\":{\"@id\":\"https:\\\/\\\/vm6fr4whzn6.c.updraftclone.com\\\/tr\\\/author\\\/angela\\\/#author\",\"@type\":\"Person\",\"name\":\"Angela Jones\"},\"publisher\":{\"@id\":\"https:\\\/\\\/vm6fr4whzn6.c.updraftclone.com\\\/tr\\\/#organization\"},\"image\":{\"@type\":\"ImageObject\",\"url\":\"https:\\\/\\\/vm6fr4whzn6.c.updraftclone.com\\\/wp-content\\\/uploads\\\/2025\\\/07\\\/EV-Charger.jpg\",\"width\":5184,\"height\":3888},\"datePublished\":\"2025-07-25T07:40:50-06:00\",\"dateModified\":\"2025-07-27T09:29:20-06:00\",\"inLanguage\":\"tr-TR\",\"mainEntityOfPage\":{\"@id\":\"https:\\\/\\\/vm6fr4whzn6.c.updraftclone.com\\\/tr\\\/2025\\\/07\\\/25\\\/ev-sarj-i%cc%87stasyonlari-ti%cc%87cari%cc%87-elektri%cc%87k-tasarimina-nasil-entegre-edi%cc%87li%cc%87r\\\/#webpage\"},\"isPartOf\":{\"@id\":\"https:\\\/\\\/vm6fr4whzn6.c.updraftclone.com\\\/tr\\\/2025\\\/07\\\/25\\\/ev-sarj-i%cc%87stasyonlari-ti%cc%87cari%cc%87-elektri%cc%87k-tasarimina-nasil-entegre-edi%cc%87li%cc%87r\\\/#webpage\"},\"articleSection\":\"Engineering\"},{\"@type\":\"BreadcrumbList\",\"@id\":\"https:\\\/\\\/vm6fr4whzn6.c.updraftclone.com\\\/tr\\\/2025\\\/07\\\/25\\\/ev-sarj-i%cc%87stasyonlari-ti%cc%87cari%cc%87-elektri%cc%87k-tasarimina-nasil-entegre-edi%cc%87li%cc%87r\\\/#breadcrumblist\",\"itemListElement\":[{\"@type\":\"ListItem\",\"@id\":\"https:\\\/\\\/vm6fr4whzn6.c.updraftclone.com\\\/tr#listItem\",\"position\":1,\"name\":\"Home\",\"item\":\"https:\\\/\\\/vm6fr4whzn6.c.updraftclone.com\\\/tr\",\"nextItem\":{\"@type\":\"ListItem\",\"@id\":\"https:\\\/\\\/vm6fr4whzn6.c.updraftclone.com\\\/tr\\\/kategori\\\/muhendislik\\\/#listItem\",\"name\":\"Engineering\"}},{\"@type\":\"ListItem\",\"@id\":\"https:\\\/\\\/vm6fr4whzn6.c.updraftclone.com\\\/tr\\\/kategori\\\/muhendislik\\\/#listItem\",\"position\":2,\"name\":\"Engineering\",\"item\":\"https:\\\/\\\/vm6fr4whzn6.c.updraftclone.com\\\/tr\\\/kategori\\\/muhendislik\\\/\",\"nextItem\":{\"@type\":\"ListItem\",\"@id\":\"https:\\\/\\\/vm6fr4whzn6.c.updraftclone.com\\\/tr\\\/2025\\\/07\\\/25\\\/ev-sarj-i%cc%87stasyonlari-ti%cc%87cari%cc%87-elektri%cc%87k-tasarimina-nasil-entegre-edi%cc%87li%cc%87r\\\/#listItem\",\"name\":\"How to Integrate EV Charging Stations into Commercial Electrical Design\"},\"previousItem\":{\"@type\":\"ListItem\",\"@id\":\"https:\\\/\\\/vm6fr4whzn6.c.updraftclone.com\\\/tr#listItem\",\"name\":\"Home\"}},{\"@type\":\"ListItem\",\"@id\":\"https:\\\/\\\/vm6fr4whzn6.c.updraftclone.com\\\/tr\\\/2025\\\/07\\\/25\\\/ev-sarj-i%cc%87stasyonlari-ti%cc%87cari%cc%87-elektri%cc%87k-tasarimina-nasil-entegre-edi%cc%87li%cc%87r\\\/#listItem\",\"position\":3,\"name\":\"How to Integrate EV Charging Stations into Commercial Electrical Design\",\"previousItem\":{\"@type\":\"ListItem\",\"@id\":\"https:\\\/\\\/vm6fr4whzn6.c.updraftclone.com\\\/tr\\\/kategori\\\/muhendislik\\\/#listItem\",\"name\":\"Engineering\"}}]},{\"@type\":\"Organization\",\"@id\":\"https:\\\/\\\/vm6fr4whzn6.c.updraftclone.com\\\/tr\\\/#organization\",\"name\":\"Dreiym Engineering PLLC\",\"description\":\"Electrical and Corrosion Experts\",\"url\":\"https:\\\/\\\/vm6fr4whzn6.c.updraftclone.com\\\/tr\\\/\",\"email\":\"contact@dreiym.com\",\"telephone\":\"+18666216920\",\"foundingDate\":\"2014-07-11\",\"numberOfEmployees\":{\"@type\":\"QuantitativeValue\",\"minValue\":2,\"maxValue\":10},\"logo\":{\"@type\":\"ImageObject\",\"url\":\"https:\\\/\\\/vm6fr4whzn6.c.updraftclone.com\\\/wp-content\\\/uploads\\\/2023\\\/08\\\/logo.svg\",\"@id\":\"https:\\\/\\\/vm6fr4whzn6.c.updraftclone.com\\\/tr\\\/2025\\\/07\\\/25\\\/ev-sarj-i%cc%87stasyonlari-ti%cc%87cari%cc%87-elektri%cc%87k-tasarimina-nasil-entegre-edi%cc%87li%cc%87r\\\/#organizationLogo\",\"width\":272,\"height\":99},\"image\":{\"@id\":\"https:\\\/\\\/vm6fr4whzn6.c.updraftclone.com\\\/tr\\\/2025\\\/07\\\/25\\\/ev-sarj-i%cc%87stasyonlari-ti%cc%87cari%cc%87-elektri%cc%87k-tasarimina-nasil-entegre-edi%cc%87li%cc%87r\\\/#organizationLogo\"},\"sameAs\":[\"https:\\\/\\\/www.linkedin.com\\\/company\\\/dreiym-engineering-pllc\\\/\"],\"address\":{\"@id\":\"https:\\\/\\\/vm6fr4whzn6.c.updraftclone.com\\\/tr\\\/#postaladdress\",\"@type\":\"PostalAddress\",\"streetAddress\":\"2028 E Ben White Blvd, #240-1500\",\"postalCode\":\"77331\",\"addressLocality\":\"Austin\",\"addressRegion\":\"Texas\",\"addressCountry\":\"US\"}},{\"@type\":\"Person\",\"@id\":\"https:\\\/\\\/vm6fr4whzn6.c.updraftclone.com\\\/tr\\\/author\\\/angela\\\/#author\",\"url\":\"https:\\\/\\\/vm6fr4whzn6.c.updraftclone.com\\\/tr\\\/author\\\/angela\\\/\",\"name\":\"Angela Jones\",\"image\":{\"@type\":\"ImageObject\",\"url\":\"http:\\\/\\\/vm6fr4whzn6.c.updraftclone.com\\\/wp-content\\\/uploads\\\/2024\\\/02\\\/angela-jones.jpeg\"},\"description\":\"Angela Jones\\u00a0is a seasoned professional with over 20 years of experience in her field. She has worked on numerous high-profile projects across the globe. Angela began her career at a renowned firm, where she quickly rose through the ranks due to her innovative ideas and exceptional problem-solving skills. Her expertise lies in project management and she has been instrumental in the success of several major initiatives. Angela is passionate about inspiring the next generation of professionals. She frequently gives talks at universities and conferences, sharing her experiences and insights with aspiring professionals. In her spare time, Angela enjoys painting and hiking. She believes that a connection with nature fuels her creativity and helps her think outside the box in her work. She currently resides in Austin, Texas, with her two dogs, Bolt and Sparky.\",\"jobTitle\":\"Administrative Assistant\",\"alumniOf\":[{\"@type\":\"EducationalOrganization\",\"name\":\"Washington State University\",\"sameAs\":\"www.wsu.edu\"}],\"knowsAbout\":[{\"@type\":\"Thing\",\"name\":\"Electrical Engineering\",\"url\":\"https:\\\/\\\/vm6fr4whzn6.c.updraftclone.com\\\/consulting-areas\\\/electrical-power\\\/\"},{\"@type\":\"Thing\",\"name\":\"Cathodic Protection\",\"url\":\"https:\\\/\\\/vm6fr4whzn6.c.updraftclone.com\\\/consulting-areas\\\/corrosion\\\/cathodic-protection\\\/\"},{\"@type\":\"Thing\",\"name\":\"Forensic Engineering\",\"url\":\"https:\\\/\\\/vm6fr4whzn6.c.updraftclone.com\\\/consulting-areas\\\/forensic-consulting\\\/\"},{\"@type\":\"Thing\",\"name\":\"Fire Investigation\",\"url\":\"https:\\\/\\\/vm6fr4whzn6.c.updraftclone.com\\\/consulting-areas\\\/forensic-consulting\\\/fire-explosion\\\/\"},{\"@type\":\"Thing\",\"name\":\"Corrosion\",\"url\":\"https:\\\/\\\/vm6fr4whzn6.c.updraftclone.com\\\/consulting-areas\\\/corrosion\\\/\"}],\"knowsLanguage\":[\"english\"]},{\"@type\":\"WebPage\",\"@id\":\"https:\\\/\\\/vm6fr4whzn6.c.updraftclone.com\\\/tr\\\/2025\\\/07\\\/25\\\/ev-sarj-i%cc%87stasyonlari-ti%cc%87cari%cc%87-elektri%cc%87k-tasarimina-nasil-entegre-edi%cc%87li%cc%87r\\\/#webpage\",\"url\":\"https:\\\/\\\/vm6fr4whzn6.c.updraftclone.com\\\/tr\\\/2025\\\/07\\\/25\\\/ev-sarj-i%cc%87stasyonlari-ti%cc%87cari%cc%87-elektri%cc%87k-tasarimina-nasil-entegre-edi%cc%87li%cc%87r\\\/\",\"name\":\"How to Integrate EV Charging Stations into Commercial Electr\",\"description\":\"Electric vehicles (EVs) are a regular occurrence today. It is common to visit a local parking lot near a business district or outside a public library and find\",\"inLanguage\":\"tr-TR\",\"isPartOf\":{\"@id\":\"https:\\\/\\\/vm6fr4whzn6.c.updraftclone.com\\\/tr\\\/#website\"},\"breadcrumb\":{\"@id\":\"https:\\\/\\\/vm6fr4whzn6.c.updraftclone.com\\\/tr\\\/2025\\\/07\\\/25\\\/ev-sarj-i%cc%87stasyonlari-ti%cc%87cari%cc%87-elektri%cc%87k-tasarimina-nasil-entegre-edi%cc%87li%cc%87r\\\/#breadcrumblist\"},\"author\":{\"@id\":\"https:\\\/\\\/vm6fr4whzn6.c.updraftclone.com\\\/tr\\\/author\\\/angela\\\/#author\"},\"creator\":{\"@id\":\"https:\\\/\\\/vm6fr4whzn6.c.updraftclone.com\\\/tr\\\/author\\\/angela\\\/#author\"},\"image\":{\"@type\":\"ImageObject\",\"url\":\"https:\\\/\\\/vm6fr4whzn6.c.updraftclone.com\\\/wp-content\\\/uploads\\\/2025\\\/07\\\/EV-Charger.jpg\",\"@id\":\"https:\\\/\\\/vm6fr4whzn6.c.updraftclone.com\\\/tr\\\/2025\\\/07\\\/25\\\/ev-sarj-i%cc%87stasyonlari-ti%cc%87cari%cc%87-elektri%cc%87k-tasarimina-nasil-entegre-edi%cc%87li%cc%87r\\\/#mainImage\",\"width\":5184,\"height\":3888},\"primaryImageOfPage\":{\"@id\":\"https:\\\/\\\/vm6fr4whzn6.c.updraftclone.com\\\/tr\\\/2025\\\/07\\\/25\\\/ev-sarj-i%cc%87stasyonlari-ti%cc%87cari%cc%87-elektri%cc%87k-tasarimina-nasil-entegre-edi%cc%87li%cc%87r\\\/#mainImage\"},\"datePublished\":\"2025-07-25T07:40:50-06:00\",\"dateModified\":\"2025-07-27T09:29:20-06:00\"},{\"@type\":\"WebSite\",\"@id\":\"https:\\\/\\\/vm6fr4whzn6.c.updraftclone.com\\\/tr\\\/#website\",\"url\":\"https:\\\/\\\/vm6fr4whzn6.c.updraftclone.com\\\/tr\\\/\",\"name\":\"Dreiym Engineering, PLLC\",\"description\":\"Electrical and Corrosion Experts\",\"inLanguage\":\"tr-TR\",\"publisher\":{\"@id\":\"https:\\\/\\\/vm6fr4whzn6.c.updraftclone.com\\\/tr\\\/#organization\"}}]}\n\t\t<\/script>\n\t\t<!-- All in One SEO Pro -->\r\n\t\t<title>How to Integrate EV Charging Stations into Commercial Electr<\/title>\n\n","aioseo_head_json":{"title":"Elektrikli Ara\u00e7 \u015earj \u0130stasyonlar\u0131 Ticari Elektri\u011fe Nas\u0131l Entegre Edilir?","description":"Elektrikli ara\u00e7lar (EV'ler) g\u00fcn\u00fcm\u00fczde s\u0131radan bir olay haline gelmi\u015ftir. Bir i\u015f b\u00f6lgesinin yak\u0131n\u0131ndaki veya bir halk k\u00fct\u00fcphanesinin d\u0131\u015f\u0131ndaki yerel bir otopark\u0131 ziyaret etmek ve a\u015fa\u011f\u0131dakileri bulmak yayg\u0131nd\u0131r","canonical_url":"https:\/\/vm6fr4whzn6.c.updraftclone.com\/tr\/2025\/07\/25\/ev-sarj-i%cc%87stasyonlari-ti%cc%87cari%cc%87-elektri%cc%87k-tasarimina-nasil-entegre-edi%cc%87li%cc%87r\/","robots":"noindex, nofollow, max-image-preview:large","keywords":"","webmasterTools":{"miscellaneous":""},"schema":{"@context":"https:\/\/schema.org","@graph":[{"@type":"Article","@id":"https:\/\/vm6fr4whzn6.c.updraftclone.com\/tr\/2025\/07\/25\/ev-sarj-i%cc%87stasyonlari-ti%cc%87cari%cc%87-elektri%cc%87k-tasarimina-nasil-entegre-edi%cc%87li%cc%87r\/#article","name":"How to Integrate EV Charging Stations into Commercial Electr","headline":"How to Integrate EV Charging Stations into Commercial Electrical Design","author":{"@id":"https:\/\/vm6fr4whzn6.c.updraftclone.com\/tr\/author\/angela\/#author","@type":"Person","name":"Angela Jones"},"publisher":{"@id":"https:\/\/vm6fr4whzn6.c.updraftclone.com\/tr\/#organization"},"image":{"@type":"ImageObject","url":"https:\/\/vm6fr4whzn6.c.updraftclone.com\/wp-content\/uploads\/2025\/07\/EV-Charger.jpg","width":5184,"height":3888},"datePublished":"2025-07-25T07:40:50-06:00","dateModified":"2025-07-27T09:29:20-06:00","inLanguage":"tr-TR","mainEntityOfPage":{"@id":"https:\/\/vm6fr4whzn6.c.updraftclone.com\/tr\/2025\/07\/25\/ev-sarj-i%cc%87stasyonlari-ti%cc%87cari%cc%87-elektri%cc%87k-tasarimina-nasil-entegre-edi%cc%87li%cc%87r\/#webpage"},"isPartOf":{"@id":"https:\/\/vm6fr4whzn6.c.updraftclone.com\/tr\/2025\/07\/25\/ev-sarj-i%cc%87stasyonlari-ti%cc%87cari%cc%87-elektri%cc%87k-tasarimina-nasil-entegre-edi%cc%87li%cc%87r\/#webpage"},"articleSection":"Engineering"},{"@type":"BreadcrumbList","@id":"https:\/\/vm6fr4whzn6.c.updraftclone.com\/tr\/2025\/07\/25\/ev-sarj-i%cc%87stasyonlari-ti%cc%87cari%cc%87-elektri%cc%87k-tasarimina-nasil-entegre-edi%cc%87li%cc%87r\/#breadcrumblist","itemListElement":[{"@type":"ListItem","@id":"https:\/\/vm6fr4whzn6.c.updraftclone.com\/tr#listItem","position":1,"name":"Home","item":"https:\/\/vm6fr4whzn6.c.updraftclone.com\/tr","nextItem":{"@type":"ListItem","@id":"https:\/\/vm6fr4whzn6.c.updraftclone.com\/tr\/kategori\/muhendislik\/#listItem","name":"Engineering"}},{"@type":"ListItem","@id":"https:\/\/vm6fr4whzn6.c.updraftclone.com\/tr\/kategori\/muhendislik\/#listItem","position":2,"name":"Engineering","item":"https:\/\/vm6fr4whzn6.c.updraftclone.com\/tr\/kategori\/muhendislik\/","nextItem":{"@type":"ListItem","@id":"https:\/\/vm6fr4whzn6.c.updraftclone.com\/tr\/2025\/07\/25\/ev-sarj-i%cc%87stasyonlari-ti%cc%87cari%cc%87-elektri%cc%87k-tasarimina-nasil-entegre-edi%cc%87li%cc%87r\/#listItem","name":"How to Integrate EV Charging Stations into Commercial Electrical Design"},"previousItem":{"@type":"ListItem","@id":"https:\/\/vm6fr4whzn6.c.updraftclone.com\/tr#listItem","name":"Home"}},{"@type":"ListItem","@id":"https:\/\/vm6fr4whzn6.c.updraftclone.com\/tr\/2025\/07\/25\/ev-sarj-i%cc%87stasyonlari-ti%cc%87cari%cc%87-elektri%cc%87k-tasarimina-nasil-entegre-edi%cc%87li%cc%87r\/#listItem","position":3,"name":"How to Integrate EV Charging Stations into Commercial Electrical Design","previousItem":{"@type":"ListItem","@id":"https:\/\/vm6fr4whzn6.c.updraftclone.com\/tr\/kategori\/muhendislik\/#listItem","name":"Engineering"}}]},{"@type":"Organization","@id":"https:\/\/vm6fr4whzn6.c.updraftclone.com\/tr\/#organization","name":"Dreiym Engineering PLLC","description":"Electrical and Corrosion Experts","url":"https:\/\/vm6fr4whzn6.c.updraftclone.com\/tr\/","email":"contact@dreiym.com","telephone":"+18666216920","foundingDate":"2014-07-11","numberOfEmployees":{"@type":"QuantitativeValue","minValue":2,"maxValue":10},"logo":{"@type":"ImageObject","url":"https:\/\/vm6fr4whzn6.c.updraftclone.com\/wp-content\/uploads\/2023\/08\/logo.svg","@id":"https:\/\/vm6fr4whzn6.c.updraftclone.com\/tr\/2025\/07\/25\/ev-sarj-i%cc%87stasyonlari-ti%cc%87cari%cc%87-elektri%cc%87k-tasarimina-nasil-entegre-edi%cc%87li%cc%87r\/#organizationLogo","width":272,"height":99},"image":{"@id":"https:\/\/vm6fr4whzn6.c.updraftclone.com\/tr\/2025\/07\/25\/ev-sarj-i%cc%87stasyonlari-ti%cc%87cari%cc%87-elektri%cc%87k-tasarimina-nasil-entegre-edi%cc%87li%cc%87r\/#organizationLogo"},"sameAs":["https:\/\/www.linkedin.com\/company\/dreiym-engineering-pllc\/"],"address":{"@id":"https:\/\/vm6fr4whzn6.c.updraftclone.com\/tr\/#postaladdress","@type":"PostalAddress","streetAddress":"2028 E Ben White Blvd, #240-1500","postalCode":"77331","addressLocality":"Austin","addressRegion":"Texas","addressCountry":"US"}},{"@type":"Person","@id":"https:\/\/vm6fr4whzn6.c.updraftclone.com\/tr\/author\/angela\/#author","url":"https:\/\/vm6fr4whzn6.c.updraftclone.com\/tr\/author\/angela\/","name":"Angela Jones","image":{"@type":"ImageObject","url":"http:\/\/vm6fr4whzn6.c.updraftclone.com\/wp-content\/uploads\/2024\/02\/angela-jones.jpeg"},"description":"Angela Jones\u00a0is a seasoned professional with over 20 years of experience in her field. She has worked on numerous high-profile projects across the globe. Angela began her career at a renowned firm, where she quickly rose through the ranks due to her innovative ideas and exceptional problem-solving skills. Her expertise lies in project management and she has been instrumental in the success of several major initiatives. Angela is passionate about inspiring the next generation of professionals. She frequently gives talks at universities and conferences, sharing her experiences and insights with aspiring professionals. In her spare time, Angela enjoys painting and hiking. She believes that a connection with nature fuels her creativity and helps her think outside the box in her work. She currently resides in Austin, Texas, with her two dogs, Bolt and Sparky.","jobTitle":"Administrative Assistant","alumniOf":[{"@type":"EducationalOrganization","name":"Washington State University","sameAs":"www.wsu.edu"}],"knowsAbout":[{"@type":"Thing","name":"Electrical Engineering","url":"https:\/\/vm6fr4whzn6.c.updraftclone.com\/consulting-areas\/electrical-power\/"},{"@type":"Thing","name":"Cathodic Protection","url":"https:\/\/vm6fr4whzn6.c.updraftclone.com\/consulting-areas\/corrosion\/cathodic-protection\/"},{"@type":"Thing","name":"Forensic Engineering","url":"https:\/\/vm6fr4whzn6.c.updraftclone.com\/consulting-areas\/forensic-consulting\/"},{"@type":"Thing","name":"Fire Investigation","url":"https:\/\/vm6fr4whzn6.c.updraftclone.com\/consulting-areas\/forensic-consulting\/fire-explosion\/"},{"@type":"Thing","name":"Corrosion","url":"https:\/\/vm6fr4whzn6.c.updraftclone.com\/consulting-areas\/corrosion\/"}],"knowsLanguage":["english"]},{"@type":"WebPage","@id":"https:\/\/vm6fr4whzn6.c.updraftclone.com\/tr\/2025\/07\/25\/ev-sarj-i%cc%87stasyonlari-ti%cc%87cari%cc%87-elektri%cc%87k-tasarimina-nasil-entegre-edi%cc%87li%cc%87r\/#webpage","url":"https:\/\/vm6fr4whzn6.c.updraftclone.com\/tr\/2025\/07\/25\/ev-sarj-i%cc%87stasyonlari-ti%cc%87cari%cc%87-elektri%cc%87k-tasarimina-nasil-entegre-edi%cc%87li%cc%87r\/","name":"How to Integrate EV Charging Stations into Commercial Electr","description":"Electric vehicles (EVs) are a regular occurrence today. It is common to visit a local parking lot near a business district or outside a public library and find","inLanguage":"tr-TR","isPartOf":{"@id":"https:\/\/vm6fr4whzn6.c.updraftclone.com\/tr\/#website"},"breadcrumb":{"@id":"https:\/\/vm6fr4whzn6.c.updraftclone.com\/tr\/2025\/07\/25\/ev-sarj-i%cc%87stasyonlari-ti%cc%87cari%cc%87-elektri%cc%87k-tasarimina-nasil-entegre-edi%cc%87li%cc%87r\/#breadcrumblist"},"author":{"@id":"https:\/\/vm6fr4whzn6.c.updraftclone.com\/tr\/author\/angela\/#author"},"creator":{"@id":"https:\/\/vm6fr4whzn6.c.updraftclone.com\/tr\/author\/angela\/#author"},"image":{"@type":"ImageObject","url":"https:\/\/vm6fr4whzn6.c.updraftclone.com\/wp-content\/uploads\/2025\/07\/EV-Charger.jpg","@id":"https:\/\/vm6fr4whzn6.c.updraftclone.com\/tr\/2025\/07\/25\/ev-sarj-i%cc%87stasyonlari-ti%cc%87cari%cc%87-elektri%cc%87k-tasarimina-nasil-entegre-edi%cc%87li%cc%87r\/#mainImage","width":5184,"height":3888},"primaryImageOfPage":{"@id":"https:\/\/vm6fr4whzn6.c.updraftclone.com\/tr\/2025\/07\/25\/ev-sarj-i%cc%87stasyonlari-ti%cc%87cari%cc%87-elektri%cc%87k-tasarimina-nasil-entegre-edi%cc%87li%cc%87r\/#mainImage"},"datePublished":"2025-07-25T07:40:50-06:00","dateModified":"2025-07-27T09:29:20-06:00"},{"@type":"WebSite","@id":"https:\/\/vm6fr4whzn6.c.updraftclone.com\/tr\/#website","url":"https:\/\/vm6fr4whzn6.c.updraftclone.com\/tr\/","name":"Dreiym Engineering, PLLC","description":"Electrical and Corrosion Experts","inLanguage":"tr-TR","publisher":{"@id":"https:\/\/vm6fr4whzn6.c.updraftclone.com\/tr\/#organization"}}]},"og:locale":"tr_TR","og:site_name":"Dreiym Engineering PLLC \u00bb Electrical and Corrosion Experts","og:type":"article","og:title":"How to Integrate EV Charging Stations into Commercial Electr","og:description":"Electric vehicles (EVs) are a regular occurrence today. It is common to visit a local parking lot near a business district or outside a public library and find","og:url":"https:\/\/vm6fr4whzn6.c.updraftclone.com\/tr\/2025\/07\/25\/ev-sarj-i%cc%87stasyonlari-ti%cc%87cari%cc%87-elektri%cc%87k-tasarimina-nasil-entegre-edi%cc%87li%cc%87r\/","og:image":"https:\/\/vm6fr4whzn6.c.updraftclone.com\/wp-content\/uploads\/2025\/07\/EV-Charger.jpg","og:image:secure_url":"https:\/\/vm6fr4whzn6.c.updraftclone.com\/wp-content\/uploads\/2025\/07\/EV-Charger.jpg","og:image:width":5184,"og:image:height":3888,"article:published_time":"2025-07-25T13:40:50+00:00","article:modified_time":"2025-07-27T15:29:20+00:00"},"aioseo_meta_data":{"post_id":"6117","title":null,"description":null,"keywords":null,"keyphrases":null,"primary_term":null,"canonical_url":null,"og_title":null,"og_description":null,"og_object_type":"default","og_image_type":"default","og_image_url":null,"og_image_width":null,"og_image_height":null,"og_image_custom_url":null,"og_image_custom_fields":null,"og_video":null,"og_custom_url":null,"og_article_section":null,"og_article_tags":null,"twitter_use_og":false,"twitter_card":"default","twitter_image_type":"default","twitter_image_url":null,"twitter_image_custom_url":null,"twitter_image_custom_fields":null,"twitter_title":null,"twitter_description":null,"schema":{"blockGraphs":[],"customGraphs":[],"default":{"data":{"Article":[],"Course":[],"Dataset":[],"FAQPage":[],"Movie":[],"Person":[],"Product":[],"ProductReview":[],"Car":[],"Recipe":[],"Service":[],"SoftwareApplication":[],"WebPage":[]},"graphName":"","isEnabled":true},"graphs":[]},"schema_type":"default","schema_type_options":null,"pillar_content":false,"robots_default":true,"robots_noindex":false,"robots_noarchive":false,"robots_nosnippet":false,"robots_nofollow":false,"robots_noimageindex":false,"robots_noodp":false,"robots_notranslate":false,"robots_max_snippet":null,"robots_max_videopreview":null,"robots_max_imagepreview":"large","priority":null,"frequency":null,"local_seo":null,"seo_analyzer_scan_date":"2025-08-14 16:05:42","breadcrumb_settings":null,"limit_modified_date":false,"reviewed_by":null,"open_ai":null,"ai":null,"created":"2025-07-25 13:40:12","updated":"2025-10-21 20:58:25"},"aioseo_breadcrumb":"<div class=\"aioseo-breadcrumbs\"><span class=\"aioseo-breadcrumb\">\n\t<a href=\"https:\/\/vm6fr4whzn6.c.updraftclone.com\/tr\" title=\"Home\">Home<\/a>\n<\/span><span class=\"aioseo-breadcrumb-separator\">\u00bb<\/span><span class=\"aioseo-breadcrumb\">\n\t<a href=\"https:\/\/vm6fr4whzn6.c.updraftclone.com\/tr\/kategori\/muhendislik\/\" title=\"Engineering\">Engineering<\/a>\n<\/span><span class=\"aioseo-breadcrumb-separator\">\u00bb<\/span><span class=\"aioseo-breadcrumb\">\n\tHow to Integrate EV Charging Stations into Commercial Electrical Design\n<\/span><\/div>","aioseo_breadcrumb_json":[{"label":"Home","link":"https:\/\/vm6fr4whzn6.c.updraftclone.com\/tr"},{"label":"Engineering","link":"https:\/\/vm6fr4whzn6.c.updraftclone.com\/tr\/kategori\/muhendislik\/"},{"label":"How to Integrate EV Charging Stations into Commercial Electrical Design","link":"https:\/\/vm6fr4whzn6.c.updraftclone.com\/tr\/2025\/07\/25\/ev-sarj-i%cc%87stasyonlari-ti%cc%87cari%cc%87-elektri%cc%87k-tasarimina-nasil-entegre-edi%cc%87li%cc%87r\/"}],"_links":{"self":[{"href":"https:\/\/vm6fr4whzn6.c.updraftclone.com\/tr\/wp-json\/wp\/v2\/posts\/6117","targetHints":{"allow":["GET"]}}],"collection":[{"href":"https:\/\/vm6fr4whzn6.c.updraftclone.com\/tr\/wp-json\/wp\/v2\/posts"}],"about":[{"href":"https:\/\/vm6fr4whzn6.c.updraftclone.com\/tr\/wp-json\/wp\/v2\/types\/post"}],"author":[{"embeddable":true,"href":"https:\/\/vm6fr4whzn6.c.updraftclone.com\/tr\/wp-json\/wp\/v2\/users\/8"}],"replies":[{"embeddable":true,"href":"https:\/\/vm6fr4whzn6.c.updraftclone.com\/tr\/wp-json\/wp\/v2\/comments?post=6117"}],"version-history":[{"count":0,"href":"https:\/\/vm6fr4whzn6.c.updraftclone.com\/tr\/wp-json\/wp\/v2\/posts\/6117\/revisions"}],"wp:featuredmedia":[{"embeddable":true,"href":"https:\/\/vm6fr4whzn6.c.updraftclone.com\/tr\/wp-json\/wp\/v2\/media\/6118"}],"wp:attachment":[{"href":"https:\/\/vm6fr4whzn6.c.updraftclone.com\/tr\/wp-json\/wp\/v2\/media?parent=6117"}],"wp:term":[{"taxonomy":"category","embeddable":true,"href":"https:\/\/vm6fr4whzn6.c.updraftclone.com\/tr\/wp-json\/wp\/v2\/categories?post=6117"},{"taxonomy":"post_tag","embeddable":true,"href":"https:\/\/vm6fr4whzn6.c.updraftclone.com\/tr\/wp-json\/wp\/v2\/tags?post=6117"}],"curies":[{"name":"wp","href":"https:\/\/api.w.org\/{rel}","templated":true}]}}